[{"@context":"https:\/\/schema.org\/","@type":"Article","@id":"https:\/\/www.kospo.cz\/zamezte-rychlejsimu-starnuti-pleti-v-zimnim-obdobi\/#Article","mainEntityOfPage":"https:\/\/www.kospo.cz\/zamezte-rychlejsimu-starnuti-pleti-v-zimnim-obdobi\/","headline":"Zamezte rychlej\u0161\u00edmu st\u00e1rnut\u00ed pleti v zimn\u00edm obdob\u00ed","name":"Zamezte rychlej\u0161\u00edmu st\u00e1rnut\u00ed pleti v zimn\u00edm obdob\u00ed","description":"Zimn\u00ed obdob\u00ed je pro na\u0161i poko\u017eku velice n\u00e1ro\u010dn\u00e9. Venku b\u00fdvaj\u00ed velice \u010dasto mrazy. N\u011bkolikr\u00e1t denn\u011b tedy st\u0159\u00edd\u00e1me teplo a chlad. Pr\u00e1v\u011b d\u00edky tomuto \u010dast\u00e9mu st\u0159\u00edd\u00e1n\u00ed teplot na\u0161e poko\u017eka trp\u00ed. Samoz\u0159ejm\u011b mr\u00e1z a studen\u00fd v\u00edtr tomu napom\u00e1haj\u00ed tak\u00e9. V\u011bt\u0161inou kdy\u017e vyjdeme...","datePublished":"2025-03-06","dateModified":"2025-03-06","author":{"@type":"Person","@id":"https:\/\/www.kospo.cz\/author\/#Person","name":"","url":"https:\/\/www.kospo.cz\/author\/","identifier":1,"image":{"@type":"ImageObject","@id":"https:\/\/secure.gravatar.com\/avatar\/383247cd769f7ac317a5bcda943ec48a3c79d996598ae4564ec21a0e178126d1?s=96&d=mm&r=g","url":"https:\/\/secure.gravatar.com\/avatar\/383247cd769f7ac317a5bcda943ec48a3c79d996598ae4564ec21a0e178126d1?s=96&d=mm&r=g","height":96,"width":96}},"publisher":{"@type":"Organization","name":"kospo.cz","logo":{"@type":"ImageObject","@id":"\/logo.png","url":"\/logo.png","width":600,"height":60}},"image":{"@type":"ImageObject","@id":"https:\/\/www.kospo.cz\/wp-content\/uploads\/img_a301082_w2041_t1511186880.jpg","url":"https:\/\/www.kospo.cz\/wp-content\/uploads\/img_a301082_w2041_t1511186880.jpg","height":0,"width":0},"url":"https:\/\/www.kospo.cz\/zamezte-rychlejsimu-starnuti-pleti-v-zimnim-obdobi\/","wordCount":420,"articleBody":"Zimn\u00ed obdob\u00ed je pro na\u0161i poko\u017eku velice n\u00e1ro\u010dn\u00e9. Venku b\u00fdvaj\u00ed velice \u010dasto mrazy. N\u011bkolikr\u00e1t denn\u011b tedy st\u0159\u00edd\u00e1me teplo a chlad. Pr\u00e1v\u011b d\u00edky tomuto \u010dast\u00e9mu st\u0159\u00edd\u00e1n\u00ed teplot na\u0161e poko\u017eka trp\u00ed. Samoz\u0159ejm\u011b mr\u00e1z a studen\u00fd v\u00edtr tomu napom\u00e1haj\u00ed tak\u00e9. V\u011bt\u0161inou kdy\u017e vyjdeme do mraziv\u00e9ho po\u010das\u00ed, velice \u010dasto n\u00e1s tr\u00e1p\u00ed pocit pnut\u00ed a \u0161t\u00edp\u00e1n\u00ed na pleti. Kdy\u017e naopak vejdeme z\u00a0chladu do vytopen\u00e9 m\u00edstnosti, poko\u017eka se velice rychle zah\u0159\u00edv\u00e1, \u010d\u00edm\u017e doch\u00e1z\u00ed k\u00a0jej\u00ed dehydrataci. Dehydratace potom zp\u016fsobuje sn\u00ed\u017een\u00ed elasticity k\u016f\u017ee a rychlej\u0161\u00ed st\u00e1rnut\u00ed. Jak tedy v\u00a0zim\u011b spr\u00e1vn\u011b pe\u010dovat o ple\u0165?\tZ\u00e1kladem je spr\u00e1vn\u00e1 p\u00e9\u010de o ple\u0165Samoz\u0159ejm\u011b o ple\u0165 mus\u00edme pe\u010dovat v\u00a0jak\u00e9mkoliv obdob\u00ed, jestli\u017ee chceme p\u0159edej\u00edt jej\u00edmu rychl\u00e9mu st\u00e1rnut\u00ed. Proto je pot\u0159eba dodr\u017eovat p\u0159edev\u0161\u00edm tyto z\u00e1sady \u2013\u00b7\u00a0\u00a0\u00a0\u00a0\u00a0\u00a0\u00a0\u00a0 P\u0159ed span\u00edm je v\u017edy nutn\u00e9 se odl\u00ed\u010dit!\u00b7\u00a0\u00a0\u00a0\u00a0\u00a0\u00a0\u00a0\u00a0 \u010ci\u0161t\u011bn\u00ed pleti r\u00e1no a ve\u010der!\u00b7\u00a0\u00a0\u00a0\u00a0\u00a0\u00a0\u00a0\u00a0 2x t\u00fddn\u011b dop\u0159ejte va\u0161\u00ed plet\u00ed peeling!\u00b7\u00a0\u00a0\u00a0\u00a0\u00a0\u00a0\u00a0\u00a0 R\u00e1no a ve\u010der ple\u0165 nat\u00edrejte kr\u00e9mem k\u00a0tomu ur\u010den\u00fdm!\tDop\u0159ejte pleti v\u00fd\u017eivuPro zimn\u00ed obdob\u00ed je vhodn\u00e9 volit kr\u00e9my, kter\u00e9 jsou obohaceny o vitam\u00edny. Mezi nejd\u016fle\u017eit\u011bj\u0161\u00ed vitam\u00edny pat\u0159\u00ed zejm\u00e9na vitam\u00edn A, E a C. Rovn\u011b\u017e je vhodn\u00e9 volit kr\u00e9my, kter\u00e9 obsahuj\u00ed nap\u0159\u00edklad bamack\u00e9 m\u00e1slo, v\u00fdta\u017eky z\u00a0avok\u00e1da, z\u00a0hrozn\u016f \u010di ze slune\u010dnicov\u00fdch sem\u00ednek.V\u00fd\u017eivu pleti podpo\u0159\u00edte tak\u00e9 ple\u0165ov\u00fdmi maskami. Ple\u0165ov\u00e9 masky nan\u00e1\u0161ejte alespo\u0148 jednou t\u00fddn\u011b. Klidn\u011b si m\u016f\u017eete dop\u0159\u00e1t jednou t\u00fddn\u011b v\u00fd\u017eivnou masku a jednou t\u00fddn\u011b hydrata\u010dn\u00ed masku.\tZamezte dehydrataci va\u0161\u00ed pletiJak ji\u017e bylo zm\u00edn\u011bno v\u00a0\u00favodu, i v\u00a0chladn\u00e9m po\u010das\u00ed se ple\u0165 dehydratuje. Proto je pot\u0159eba tomuto jevu zamezit. Pokud byste nad t\u00edm jen m\u00e1vli rukou, va\u0161e ple\u0165 bude mnohem rychleji st\u00e1rnout, proto\u017ee such\u00e1 poko\u017eka nen\u00ed dostate\u010dn\u011b elastick\u00e1 a je n\u00e1chyln\u011bj\u0161\u00ed k\u00a0vzniku vr\u00e1sek. Proto pou\u017e\u00edvejte hydrata\u010dn\u00ed kr\u00e9my. Jednou t\u00fddn\u011b si klidn\u011b dop\u0159ejte tak\u00e9 hydrata\u010dn\u00ed masku. Pokud nav\u00edc m\u00e1te suchou ple\u0165, volte hydrata\u010dn\u00ed kr\u00e9my s\u00a0esenci\u00e1ln\u00edmi mastn\u00fdmi kyselinami, kter\u00e9 ji z\u00e1rove\u0148 regeneruj\u00ed.                                                                                                                                                                                                                                                                                                                                                                                                "},{"@context":"https:\/\/schema.org\/","@type":"BreadcrumbList","itemListElement":[{"@type":"ListItem","position":1,"name":"Zamezte rychlej\u0161\u00edmu st\u00e1rnut\u00ed pleti v zimn\u00edm obdob\u00ed","item":"https:\/\/www.kospo.cz\/zamezte-rychlejsimu-starnuti-pleti-v-zimnim-obdobi\/#breadcrumbitem"}]}]