[{"@context":"https:\/\/schema.org\/","@type":"Article","@id":"https:\/\/www.kospo.cz\/mobilni-telefon-pro-syna\/#Article","mainEntityOfPage":"https:\/\/www.kospo.cz\/mobilni-telefon-pro-syna\/","headline":"Mobiln\u00ed telefon pro syna","name":"Mobiln\u00ed telefon pro syna","description":"Mobiln\u00ed telefon je opravdu perfektn\u00ed. Mus\u00edm \u0159\u00edct, \u017ee\u00a0jsem v\u00e1\u017en\u011b r\u00e1da, ale hlavn\u011b m\u011b t\u011b\u0161\u00ed, \u017ee ten vyn\u00e1lezce byl tak \u0161ikovn\u00fd a vynalezl mobiln\u00ed telefon, proto\u017ee j\u00e1 osobn\u011b si jinak nedok\u00e1\u017ei p\u0159edstavit, kdyby t\u0159eba mobiln\u00ed telefony v\u016fbec nebyly. J\u00e1 v\u00edm, \u017ee...","datePublished":"2024-04-24","dateModified":"2024-04-24","author":{"@type":"Person","@id":"https:\/\/www.kospo.cz\/author\/#Person","name":"","url":"https:\/\/www.kospo.cz\/author\/","identifier":1,"image":{"@type":"ImageObject","@id":"https:\/\/secure.gravatar.com\/avatar\/383247cd769f7ac317a5bcda943ec48a3c79d996598ae4564ec21a0e178126d1?s=96&d=mm&r=g","url":"https:\/\/secure.gravatar.com\/avatar\/383247cd769f7ac317a5bcda943ec48a3c79d996598ae4564ec21a0e178126d1?s=96&d=mm&r=g","height":96,"width":96}},"publisher":{"@type":"Organization","name":"kospo.cz","logo":{"@type":"ImageObject","@id":"\/logo.png","url":"\/logo.png","width":600,"height":60}},"image":{"@type":"ImageObject","@id":"https:\/\/www.kospo.cz\/wp-content\/uploads\/hands-1853302_1280_1.jpg","url":"https:\/\/www.kospo.cz\/wp-content\/uploads\/hands-1853302_1280_1.jpg","height":0,"width":0},"url":"https:\/\/www.kospo.cz\/mobilni-telefon-pro-syna\/","about":["Mobil"],"wordCount":432,"articleBody":"Mobiln\u00ed telefon je opravdu perfektn\u00ed. Mus\u00edm \u0159\u00edct, \u017ee\u00a0jsem v\u00e1\u017en\u011b r\u00e1da, ale hlavn\u011b m\u011b t\u011b\u0161\u00ed, \u017ee ten vyn\u00e1lezce byl tak \u0161ikovn\u00fd a vynalezl mobiln\u00ed telefon, proto\u017ee j\u00e1 osobn\u011b si jinak nedok\u00e1\u017ei p\u0159edstavit, kdyby t\u0159eba mobiln\u00ed telefony v\u016fbec nebyly. J\u00e1 v\u00edm, \u017ee je naprosto logick\u00e9, \u017ee kdyby nebyly v\u016fbec mobiln\u00ed telefony, \u017ee j\u00e1 bych si tak\u00e9 v\u016fbec nezvykla na mobiln\u00ed telefon. Nyn\u00ed jsem na mobiln\u00ed telefon opravdu hodn\u011b zvykl\u00e1 a v\u00edm, \u017ee u\u017e d\u00e1l bych bez mobiln\u00edho telefonu b\u00fdt nemohla. Tady je naprosto logick\u00e9, \u017ee kdy\u017e si \u010dlov\u011bk na n\u011bco zvykne, co mu usnadn\u00ed \u017eivot anebo co ho t\u011b\u0161\u00ed, tak potom se toho velice t\u011b\u017eko vzd\u00e1v\u00e1. Proto tak\u00e9 lid\u00e9 \u0159\u00edkaj\u00ed, \u017ee by mal\u00e9 d\u011bti t\u0159eba do deseti\u00a0let v\u016fbec nem\u011bly poznat mobiln\u00ed telefon anebo jinou techniku. Jenom\u017ee j\u00e1 v tomhle nejsem zajedno. Podle m\u00e9ho n\u00e1zoru by d\u011bti u\u017e i\u00a0t\u0159eba v p\u011bti\u00a0nebo \u0161esti\u00a0letech m\u011bly poznat, co je to mobiln\u00ed telefon anebo co je to technika, pro\u010d by v\u016fbec mal\u00e9 d\u011bti nem\u011bly m\u00edt mobiln\u00ed telefon nebo zn\u00e1t mobiln\u00ed techniku? Podle m\u00e9ho n\u00e1zoru je to docela \u0161koda, kdy\u017e lid\u00e9 nebudou zn\u00e1t za v\u010das, co je to mobiln\u00ed telefon anebo jak s mobiln\u00edm telefonem zach\u00e1zet. Zn\u00e1m opravdu hodn\u011b lid\u00ed, kte\u0159\u00ed\u00a0jsou t\u0159eba star\u0161\u00ed, kte\u0159\u00ed jsou teenage\u0159i a t\u0159eba teprve a\u017e jako \u0161estn\u00e1ctilet\u00e9\u00a0d\u011bti dostaly mobiln\u00ed telefon a potom s t\u00edm m\u011bly\u00a0velik\u00e9 probl\u00e9my se to v\u0161echno nau\u010dit.Samoz\u0159ejm\u011b, \u017ee potom spolu\u017e\u00e1ci\u00a0t\u0159eba u sv\u00fdch vrstevn\u00edk\u016f byli zastaral\u00ed a ne\u0161ikovn\u00ed. Tohle by se mi rozhodn\u011b nel\u00edbilo, a proto m\u016fj sedmilet\u00fd syn m\u00e1 tak\u00e9 mobiln\u00ed telefon. Rozhodn\u011b bych nesnesla, aby se mu n\u011bkdo ve \u0161kole sm\u00e1l, \u017ee nem\u00e1m mobiln\u00ed telefon. Kdy\u017e jsem potom synovi koupila tla\u010d\u00edtkov\u00fd zastaral\u00fd mobiln\u00ed telefon, tak byl z toho \u00fapln\u011b ne\u0161\u0165astn\u00fd. \u00dapln\u011b byl jedin\u00fd ve t\u0159\u00edd\u011b, kdo m\u00e1 star\u00fd tla\u010d\u00edtkov\u00fd mobiln\u00ed telefon, tak\u017ee jsem nev\u00e1hala, synovi jsem dala sv\u016fj nov\u00fd, sice tedy u\u017e asi rok pou\u017e\u00edvan\u00fd,\u00a0mobiln\u00ed telefon, kter\u00fd je smart. Smart telefony jsou popul\u00e1rn\u00ed a j\u00e1 jsem si\u00a0potom druh\u00fd\u00a0den \u0161la koupit nov\u00fd mobiln\u00ed telefon. Syn byl nad\u0161en\u00fd a je r\u00e1d, \u017ee jsem mu vyhov\u011bla. Nebylo to kv\u016fli tomu, \u017ee by se vztekal, ale necht\u011bla jsem, aby byl ve \u0161kole za outsidera.\u00a0                                                                                                                                                                                                                                                                                                                                                                                                "},{"@context":"https:\/\/schema.org\/","@type":"BreadcrumbList","itemListElement":[{"@type":"ListItem","position":1,"name":"Mobiln\u00ed telefon pro syna","item":"https:\/\/www.kospo.cz\/mobilni-telefon-pro-syna\/#breadcrumbitem"}]}]