[{"@context":"https:\/\/schema.org\/","@type":"Article","@id":"https:\/\/www.kospo.cz\/krasa-zeny\/#Article","mainEntityOfPage":"https:\/\/www.kospo.cz\/krasa-zeny\/","headline":"Kr\u00e1sa \u017eeny","name":"Kr\u00e1sa \u017eeny","description":"Ka\u017ed\u00fd \u010dlov\u011bk vn\u00edm\u00e1 kr\u00e1su n\u011bjak jinak. Pro n\u011bkoho je kr\u00e1sa nejd\u016fle\u017eit\u011bj\u0161\u00ed, kter\u00e1 je vnit\u0159n\u00ed. Pro n\u011bkoho je zase kr\u00e1sa takov\u00e1, kter\u00e1 jde vid\u011bt z venku. A nesm\u00ed se na m\u011b nikdo zlobit, ale ten, kdo v\u011b\u0159\u00ed pouze na vnit\u0159n\u00ed kr\u00e1su,...","datePublished":"2022-05-22","dateModified":"2023-04-26","author":{"@type":"Person","@id":"https:\/\/www.kospo.cz\/author\/#Person","name":"","url":"https:\/\/www.kospo.cz\/author\/","identifier":1,"image":{"@type":"ImageObject","@id":"https:\/\/secure.gravatar.com\/avatar\/383247cd769f7ac317a5bcda943ec48a3c79d996598ae4564ec21a0e178126d1?s=96&d=mm&r=g","url":"https:\/\/secure.gravatar.com\/avatar\/383247cd769f7ac317a5bcda943ec48a3c79d996598ae4564ec21a0e178126d1?s=96&d=mm&r=g","height":96,"width":96}},"publisher":{"@type":"Organization","name":"kospo.cz","logo":{"@type":"ImageObject","@id":"\/logo.png","url":"\/logo.png","width":600,"height":60}},"image":{"@type":"ImageObject","@id":"https:\/\/www.kospo.cz\/wp-content\/uploads\/holding-2344369_960_720_1.jpg","url":"https:\/\/www.kospo.cz\/wp-content\/uploads\/holding-2344369_960_720_1.jpg","height":0,"width":0},"url":"https:\/\/www.kospo.cz\/krasa-zeny\/","about":["Kr\u00e1sa"],"wordCount":418,"articleBody":"Ka\u017ed\u00fd \u010dlov\u011bk vn\u00edm\u00e1 kr\u00e1su n\u011bjak jinak. Pro n\u011bkoho je kr\u00e1sa nejd\u016fle\u017eit\u011bj\u0161\u00ed, kter\u00e1 je vnit\u0159n\u00ed. Pro n\u011bkoho je zase kr\u00e1sa takov\u00e1, kter\u00e1 jde vid\u011bt z venku. A nesm\u00ed se na m\u011b nikdo zlobit, ale ten, kdo v\u011b\u0159\u00ed pouze na vnit\u0159n\u00ed kr\u00e1su, tak ten na l\u017ee. Proto\u017ee kolikr\u00e1t jsem si d\u011blala jenom pro sebe takov\u00fd pr\u016fzkum, kde vypl\u00fdvalo, \u017ee \u010dlov\u011bk hlavn\u011b chce tu kr\u00e1su vn\u011bj\u0161\u00ed. Potom tu vnit\u0159n\u00ed kr\u00e1su. Nicm\u00e9n\u011b ale je to taky docela sobeck\u00e9. Ale hlavn\u011b my \u017eeny db\u00e1me na to,\u00a0abychom\u00a0vypadaly dob\u0159e. Chceme se l\u00edbit hlavn\u011b samy sob\u011b. Tedy alespo\u0148 to m\u00e1m tak j\u00e1. J\u00e1 se chci opravdu l\u00edbit hlavn\u011b sama sob\u011b. Moje maminka si mysl\u00ed, \u017ee se chci l\u00edbit hlavn\u011b kv\u016fli mu\u017e\u016fm. Proto\u017ee jsem sedm let bez mu\u017ee a bez n\u011bjak\u00e9ho p\u0159\u00edtele, tak si moje maminka mysl\u00ed, \u017ee chod\u00edm ke kosmeti\u010dce a ke kade\u0159nici jenom kv\u016fli mu\u017e\u016fm. Moje maminka si mysl\u00ed, \u017ee asi pro mu\u017ee nejsem dost atraktivn\u00ed. Maminka se st\u00e1le pt\u00e1, pro\u010d nemohu naj\u00edt mu\u017ee.Jenom\u017ee ona nech\u00e1pe, \u017ee \u017e\u00e1dn\u00e9ho nechci, \u017ee mi vyhovuje b\u00fdt sama. Tak\u017ee v\u0161echny ty zkr\u00e1\u0161lovac\u00ed procedury, abych byla kr\u00e1sn\u00e1, d\u011bl\u00e1m pouze pro sebe. S kamar\u00e1dkami hodn\u011b jezd\u00edm a taky do wellness\u00a0Center anebo do n\u011bjak\u00fdch center, kde jsou kosmetick\u00e9 a\u00a0wellness\u00a0procedury. Jsem r\u00e1da kr\u00e1sn\u00e1. Kr\u00e1sa m\u011b taky zaj\u00edm\u00e1, proto taky prod\u00e1v\u00e1m n\u011bjakou kosmetiku.J\u00e1 jsem takov\u00fd\u00a0ambasador\u00a0jedn\u00e9 zna\u010dky. A hodn\u011b m\u011b to bav\u00ed. Tak\u017ee si nav\u00edc \u0159\u00edk\u00e1m, \u017ee vlastn\u011b ani nem\u00e1m na mu\u017ee \u010das. Jsem r\u00e1da se sv\u00fdm \u017eivotem a jsem spokojen\u00e1. Mysl\u00edm si, \u017ee a\u017e p\u0159ijde ten spr\u00e1vn\u00fd \u010das na mu\u017ee, tak jsi n\u011bjak\u00e9ho najdu, ale moment\u00e1ln\u011b se chci v\u011bnovat pouze sama sob\u011b. Proto\u017ee se \u0159\u00edk\u00e1,\u00a0\u017ee\u00a0kdy\u017e\u00a0\u017eena m\u00e1 mu\u017ee, tak pak u\u017e nem\u00e1 moc \u010dasu sama pro sebe Nev\u00edm, co je na tom\u00a0pravdy, ale nebudu nic\u00a0riskovat\u00a0M\u00e1m nyn\u00ed t\u00fddenn\u00ed pobyt v\u00a0jednom\u00a0wellness\u00a0centru, kde si budu u\u017e\u00edvat a\u00a0relaxovat\u00a0a kde m\u011b\u00a0kosmeti\u010dky\u00a0ud\u011blaj\u00ed\u00a0zase kr\u00e1snou. Pro\u00a0n\u011bkoho\u00a0je kr\u00e1sa d\u016fle\u017eit\u00e1.\u00a0                                                                                                                                                                                                                                                                                                                                                                                                "},{"@context":"https:\/\/schema.org\/","@type":"BreadcrumbList","itemListElement":[{"@type":"ListItem","position":1,"name":"Kr\u00e1sa \u017eeny","item":"https:\/\/www.kospo.cz\/krasa-zeny\/#breadcrumbitem"}]}]