[{"@context":"https:\/\/schema.org\/","@type":"Article","@id":"https:\/\/www.kospo.cz\/konec-svobody\/#Article","mainEntityOfPage":"https:\/\/www.kospo.cz\/konec-svobody\/","headline":"Konec svobody","name":"Konec svobody","description":"Mark\u00fdza z n\u00e1dhern\u00e9 \u010derven\u00e9 l\u00e1tky skr\u00fdvala terasu a s n\u00ed i mlad\u00e1 man\u017eelsk\u00fd p\u00e1r. Adamovi kanou l\u00edce po tv\u00e1\u0159i, kdy\u017e svou \u017eenu uklidn\u00ed, \u017ee mu to taky chyb\u00ed. A dokonce se j\u00ed omluv\u00ed, \u017ee se nechal p\u0159esv\u011bd\u010dit svou matkou, aby...","datePublished":"2024-12-01","dateModified":"2024-12-01","author":{"@type":"Person","@id":"https:\/\/www.kospo.cz\/author\/#Person","name":"","url":"https:\/\/www.kospo.cz\/author\/","identifier":1,"image":{"@type":"ImageObject","@id":"https:\/\/secure.gravatar.com\/avatar\/383247cd769f7ac317a5bcda943ec48a3c79d996598ae4564ec21a0e178126d1?s=96&d=mm&r=g","url":"https:\/\/secure.gravatar.com\/avatar\/383247cd769f7ac317a5bcda943ec48a3c79d996598ae4564ec21a0e178126d1?s=96&d=mm&r=g","height":96,"width":96}},"publisher":{"@type":"Organization","name":"kospo.cz","logo":{"@type":"ImageObject","@id":"\/logo.png","url":"\/logo.png","width":600,"height":60}},"url":"https:\/\/www.kospo.cz\/konec-svobody\/","wordCount":183,"articleBody":"Mark\u00fdza z n\u00e1dhern\u00e9 \u010derven\u00e9 l\u00e1tky skr\u00fdvala terasu a s n\u00ed i mlad\u00e1 man\u017eelsk\u00fd p\u00e1r. Adamovi kanou l\u00edce po tv\u00e1\u0159i, kdy\u017e svou \u017eenu uklidn\u00ed, \u017ee mu to taky chyb\u00ed. A dokonce se j\u00ed omluv\u00ed, \u017ee se nechal p\u0159esv\u011bd\u010dit svou matkou, aby si ji vzal. \u017de je okol\u00ed donutilo sv\u00fdmi \u0159e\u010dmi a uboh\u00fdmi stereotypn\u00edmi n\u00e1zory se p\u0159estat bavit, p\u0159estat \u017e\u00edt sv\u00e9 rozevl\u00e1t\u00e9 boh\u00e9msk\u00e9 \u017eivoty, usadit se a m\u00edt d\u00edt\u011b. T\u011bhotenstv\u00ed Proto\u017ee a\u010dkoli Adam jejich Mat\u00fdska miluje, a v\u00ed, \u017ee Lydia ho miluje \u00fapln\u011b stejn\u011b a mo\u017en\u00e1 trochu v\u00edc, proto\u017ee je to jeho matka, v\u011bd\u011bl a ch\u00e1pal, \u017ee mu chyb\u00ed dny svobody, volnosti a naprost\u00e9 up\u0159\u00edmnosti, kter\u00e9 za\u017e\u00edval, kdy\u017e se s Lydi\u00ed p\u0159ed deseti lety zasnoubili. Lydia naspala po svatb\u011b t\u0159i knihy; jednu, kdy\u017e byla t\u011bhotn\u00e1, jednu dva roky po narozen\u00ed jejich Mat\u00fdska, a jednu, kdy\u017e nastoupil do \u0161koly. Ale ani jedna se nevyrovnala tomu, co psala kdysi.                                                                                                                                                                                                                                                                                                                                                                                                "},{"@context":"https:\/\/schema.org\/","@type":"BreadcrumbList","itemListElement":[{"@type":"ListItem","position":1,"name":"Konec svobody","item":"https:\/\/www.kospo.cz\/konec-svobody\/#breadcrumbitem"}]}]