[{"@context":"https:\/\/schema.org\/","@type":"Article","@id":"https:\/\/www.kospo.cz\/jak-jsem-bydlel\/#Article","mainEntityOfPage":"https:\/\/www.kospo.cz\/jak-jsem-bydlel\/","headline":"Jak jsem bydlel?","name":"Jak jsem bydlel?","description":"Co se m\u00e9ho \u017eivota t\u00fdk\u00e1, nebyl jsem nikdy \u017e\u00e1dn\u00fd vysloven\u00fd ta\u017en\u00fd pt\u00e1k. Ne\u017eil jsem chv\u00edli tady a chv\u00edli onde, nest\u0159\u00eddal jsem sv\u00e1 bydli\u0161t\u011b jako pono\u017eky. Ale p\u0159esto jsem i j\u00e1 n\u011bkolikr\u00e1t v\u00a0pr\u016fb\u011bhu sv\u00e9ho \u017eivota zm\u011bnil adresu. A tak mohu srovn\u00e1vat....","datePublished":"2024-04-27","dateModified":"2024-04-27","author":{"@type":"Person","@id":"https:\/\/www.kospo.cz\/author\/#Person","name":"","url":"https:\/\/www.kospo.cz\/author\/","identifier":1,"image":{"@type":"ImageObject","@id":"https:\/\/secure.gravatar.com\/avatar\/383247cd769f7ac317a5bcda943ec48a3c79d996598ae4564ec21a0e178126d1?s=96&d=mm&r=g","url":"https:\/\/secure.gravatar.com\/avatar\/383247cd769f7ac317a5bcda943ec48a3c79d996598ae4564ec21a0e178126d1?s=96&d=mm&r=g","height":96,"width":96}},"publisher":{"@type":"Organization","name":"kospo.cz","logo":{"@type":"ImageObject","@id":"\/logo.png","url":"\/logo.png","width":600,"height":60}},"image":{"@type":"ImageObject","@id":"https:\/\/www.kospo.cz\/wp-content\/uploads\/%C5%BE%C5%BE%C5%BE%C5%BE%C5%BE%C5%BE%C5%BE%C5%BE%C5%BE%C5%BE_6.jpg","url":"https:\/\/www.kospo.cz\/wp-content\/uploads\/%C5%BE%C5%BE%C5%BE%C5%BE%C5%BE%C5%BE%C5%BE%C5%BE%C5%BE%C5%BE_6.jpg","height":0,"width":0},"url":"https:\/\/www.kospo.cz\/jak-jsem-bydlel\/","about":["Byt a d\u016fm"],"wordCount":439,"articleBody":"Co se m\u00e9ho \u017eivota t\u00fdk\u00e1, nebyl jsem nikdy \u017e\u00e1dn\u00fd vysloven\u00fd ta\u017en\u00fd pt\u00e1k. Ne\u017eil jsem chv\u00edli tady a chv\u00edli onde, nest\u0159\u00eddal jsem sv\u00e1 bydli\u0161t\u011b jako pono\u017eky. Ale p\u0159esto jsem i j\u00e1 n\u011bkolikr\u00e1t v\u00a0pr\u016fb\u011bhu sv\u00e9ho \u017eivota zm\u011bnil adresu. A tak mohu srovn\u00e1vat.Nejd\u0159\u00edv jsem bydlel pochopiteln\u011b u sv\u00fdch rodi\u010d\u016f. M\u011blo to v\u00fdhody i nev\u00fdhody, kter\u00e9 zn\u00e1 skoro ka\u017ed\u00fd z\u00a0n\u00e1s, prakticky ka\u017ed\u00fd, kdo n\u011bkdy n\u011bjakou rodinu m\u011bl. V\u00fdhodou bylo to, \u017ee jsem tu m\u011bl sv\u016fj pokoj a sv\u00e9 jist\u00e9, nev\u00fdhodou pak pochopiteln\u011b to, \u017ee jsem z\u016fst\u00e1val v\u00a0o\u010d\u00edch sv\u00fdch rodi\u010d\u016f v\u017edy d\u00edt\u011btem, a tud\u00ed\u017e mi tito v\u00a0lec\u010dem mluvili do \u017eivota. A to a\u0165 mi to bylo nebo nebylo mil\u00e9.To se pozitivn\u011b zm\u011bnilo ve chv\u00edli, kdy jsem se zabydlel na vysoko\u0161kolsk\u00e9 koleji. Tam u\u017e mi rodi\u010de do \u017eivota nemluvili, proto\u017ee to pochopiteln\u011b dost dob\u0159e ne\u0161lo. A mohl jsem si tam tedy kone\u010dn\u011b \u017e\u00edt sv\u00fdm zp\u016fsobem po sv\u00e9m. I kdy\u017e ani to nebylo ide\u00e1ln\u00ed. Kdy\u017e toti\u017e bydl\u00ed t\u0159i studenti v\u00a0jedin\u00e9m pokoji, chyb\u00ed tu soukrom\u00ed. \u010clov\u011bk si sem nemohl jenom tak p\u0159iv\u00e9st holku, a pokud se rozhodl n\u011bkdo ze spolubydl\u00edc\u00edch n\u011bco slavit, mohlo se rovnou zapomenout na klidn\u00fd sp\u00e1nek. Ale p\u0159esto to m\u011blo sv\u00e9 kouzlo. Jakkoliv bych se tam dnes u\u017e vracet necht\u011bl, bylo tam docela dob\u0159e.Pak jsem str\u00e1vil n\u011bjak\u00fd \u010das v\u00a0podnikov\u00e9m pokoji. Nedalo se dost dob\u0159e doj\u00ed\u017ed\u011bt do pr\u00e1ce, a tak jsem m\u011bl mo\u017enost bydlet s\u00a0jedn\u00edm podobn\u00fdm osudem posti\u017een\u00fdm spolubydl\u00edc\u00edm v\u00a0podnikov\u00e9m person\u00e1ln\u00edm pokoji. Co\u017e se do jist\u00e9 m\u00edry podobalo koleji. Jen to p\u0159\u00e1telstv\u00ed u\u017e tu chyb\u011blo, stejn\u011b jako ty z\u00e1stupy hezk\u00fdch d\u011bv\u010dat.A nakonec jsem si pronajal a pozd\u011bji i koupil vlastn\u00ed byt. Kde \u017eiji dodnes. A to byla ta z\u0159ejm\u011b nejp\u0159\u00edjemn\u011bj\u0161\u00ed zm\u011bna bydlen\u00ed v\u00a0m\u00e9m \u017eivot\u011b. Proto\u017ee jsem se kone\u010dn\u011b osamostatnil. Tento byt je m\u016fj a mohu si v\u00a0n\u011bm d\u011blat to, co chci. V\u00a0r\u00e1mci b\u011b\u017en\u00fdch mo\u017enost\u00ed, pochopiteln\u011b.Jist\u011b, dalo by se bydlet i l\u00e9pe. Ale o tom zat\u00edm neuva\u017euji. Proto\u017ee na to nem\u00e1m. Ale kdo v\u00ed, zda t\u0159eba jednou\u2026                                                                                                                                                                                                                                                                                                                                                                                                "},{"@context":"https:\/\/schema.org\/","@type":"BreadcrumbList","itemListElement":[{"@type":"ListItem","position":1,"name":"Jak jsem bydlel?","item":"https:\/\/www.kospo.cz\/jak-jsem-bydlel\/#breadcrumbitem"}]}]