[{"@context":"https:\/\/schema.org\/","@type":"Article","@id":"https:\/\/www.kospo.cz\/doma-i-venku\/#Article","mainEntityOfPage":"https:\/\/www.kospo.cz\/doma-i-venku\/","headline":"Doma i venku","name":"Doma i venku","description":"Samozavla\u017eovac\u00ed kv\u011btin\u00e1\u010de se n\u00e1m spojuj\u00ed v\u00edce s letni\u010dkami a balkonem ne\u017e s interi\u00e9rem. Jen\u017ee pracovn\u011b vyt\u00ed\u017een\u00e9 \u017eeny a zapomn\u011btliv\u00ed mu\u017eov\u00e9 jist\u011b ocen\u00ed samozavla\u017eovac\u00ed kv\u011btin\u00e1\u010de i uvnit\u0159 interi\u00e9ru. A celoro\u010dn\u011b. Jeliko\u017e rostliny vysazen\u00e9 v takov\u00fdch kv\u011btin\u00e1\u010d\u00edch sta\u010d\u00ed zal\u00e9vat jen n\u011bkolikr\u00e1t do...","datePublished":"2024-01-31","dateModified":"2024-01-31","author":{"@type":"Person","@id":"https:\/\/www.kospo.cz\/author\/#Person","name":"","url":"https:\/\/www.kospo.cz\/author\/","identifier":1,"image":{"@type":"ImageObject","@id":"https:\/\/secure.gravatar.com\/avatar\/383247cd769f7ac317a5bcda943ec48a3c79d996598ae4564ec21a0e178126d1?s=96&d=mm&r=g","url":"https:\/\/secure.gravatar.com\/avatar\/383247cd769f7ac317a5bcda943ec48a3c79d996598ae4564ec21a0e178126d1?s=96&d=mm&r=g","height":96,"width":96}},"publisher":{"@type":"Organization","name":"kospo.cz","logo":{"@type":"ImageObject","@id":"\/logo.png","url":"\/logo.png","width":600,"height":60}},"url":"https:\/\/www.kospo.cz\/doma-i-venku\/","wordCount":243,"articleBody":"Samozavla\u017eovac\u00ed kv\u011btin\u00e1\u010de se n\u00e1m spojuj\u00ed v\u00edce s letni\u010dkami a balkonem ne\u017e s interi\u00e9rem. Jen\u017ee pracovn\u011b vyt\u00ed\u017een\u00e9 \u017eeny a zapomn\u011btliv\u00ed mu\u017eov\u00e9 jist\u011b ocen\u00ed samozavla\u017eovac\u00ed kv\u011btin\u00e1\u010de i uvnit\u0159 interi\u00e9ru. A celoro\u010dn\u011b. Jeliko\u017e rostliny vysazen\u00e9 v takov\u00fdch kv\u011btin\u00e1\u010d\u00edch sta\u010d\u00ed zal\u00e9vat jen n\u011bkolikr\u00e1t do roka, ani jejich ob\u010dasn\u00e1 nep\u0159\u00edtomnost jim nijak neu\u0161kod\u00ed. A nav\u00edc &#8211; krom\u011b toho, \u017ee tento typ kv\u011btin\u00e1\u010d\u016f \u0161et\u0159\u00ed \u010das a n\u00e1mahu p\u0159i p\u00e9\u010di o rostliny, m\u016f\u017ee b\u00fdt z\u00e1rove\u0148 efektn\u00edm bytov\u00fdm dopl\u0148kem. Jedny z nejkr\u00e1sn\u011bj\u0161\u00edch a z\u00e1rove\u0148 nejprakti\u010dt\u011bj\u0161\u00edch jsou samozavla\u017eovac\u00ed kv\u011btin\u00e1\u010de lechuza. Svou velikost\u00ed, elegantn\u00edm tvarem a sv\u011b\u017e\u00edmi barvami o\u017eiv\u00ed i ten nejtmav\u0161\u00ed kout va\u0161eho bytu.Vy je je\u0161t\u011b nem\u00e1te?Kv\u011btin\u00e1\u010de lechuza u\u017e na prvn\u00ed pohled pot\u011b\u0161\u00ed va\u0161e o\u010di. Jsou n\u00e1dhern\u00e9 i samostatn\u011b, ale kdy\u017e vedle sebe postav\u00edte dva nebo t\u0159i, efekt bude dokonal\u00fd. Dokonce si je m\u016f\u017eete sladit s bytem \u010di terasou i barevn\u011b. Umo\u017e\u0148uje to cel\u00e1 \u0161k\u00e1la modern\u00edch barev, ve kter\u00fdch se vyr\u00e1b\u011bj\u00ed. P\u0159esto\u017ee se tyto kv\u011btin\u00e1\u010de mohou zd\u00e1t zbyte\u010dn\u011b velk\u00e9 a t\u00edm p\u00e1dem i t\u011b\u017ek\u00e9 a nepraktick\u00e9, opak je pravdou. Manipulace s nimi je p\u0159ekvapiv\u011b jednoduch\u00e1.                                                                                                                                                                                                                                                                                                                                                                                                "},{"@context":"https:\/\/schema.org\/","@type":"BreadcrumbList","itemListElement":[{"@type":"ListItem","position":1,"name":"Doma i venku","item":"https:\/\/www.kospo.cz\/doma-i-venku\/#breadcrumbitem"}]}]