[{"@context":"https:\/\/schema.org\/","@type":"Article","@id":"https:\/\/www.kospo.cz\/design-a-byt\/#Article","mainEntityOfPage":"https:\/\/www.kospo.cz\/design-a-byt\/","headline":"Design a byt","name":"Design a byt","description":"Kdy\u017e jsem se st\u011bhovala od p\u0159\u00edtele, tak jsem st\u00e1le nev\u011bd\u011bla, kam p\u016fjdu bydlet. Samoz\u0159ejm\u011b, \u017ee moji rodi\u010de mi podali pomocnou ruku a \u0159ekli mi, \u017ee kdykoliv bych cht\u011bla nebo pot\u0159ebovala, tak m\u016f\u017eu samoz\u0159ejm\u011b bydlet u nich. Opravdu jsem si toho...","datePublished":"2022-11-16","dateModified":"2023-04-26","author":{"@type":"Person","@id":"https:\/\/www.kospo.cz\/author\/#Person","name":"","url":"https:\/\/www.kospo.cz\/author\/","identifier":1,"image":{"@type":"ImageObject","@id":"https:\/\/secure.gravatar.com\/avatar\/383247cd769f7ac317a5bcda943ec48a3c79d996598ae4564ec21a0e178126d1?s=96&d=mm&r=g","url":"https:\/\/secure.gravatar.com\/avatar\/383247cd769f7ac317a5bcda943ec48a3c79d996598ae4564ec21a0e178126d1?s=96&d=mm&r=g","height":96,"width":96}},"publisher":{"@type":"Organization","name":"kospo.cz","logo":{"@type":"ImageObject","@id":"\/logo.png","url":"\/logo.png","width":600,"height":60}},"image":{"@type":"ImageObject","@id":"https:\/\/www.kospo.cz\/wp-content\/uploads\/architect-3979490_960_720_2.jpg","url":"https:\/\/www.kospo.cz\/wp-content\/uploads\/architect-3979490_960_720_2.jpg","height":0,"width":0},"url":"https:\/\/www.kospo.cz\/design-a-byt\/","about":["Byt a d\u016fm"],"wordCount":422,"articleBody":"          Kdy\u017e jsem se st\u011bhovala od p\u0159\u00edtele, tak jsem st\u00e1le nev\u011bd\u011bla, kam p\u016fjdu bydlet. Samoz\u0159ejm\u011b, \u017ee moji rodi\u010de mi podali pomocnou ruku a \u0159ekli mi, \u017ee kdykoliv bych cht\u011bla nebo pot\u0159ebovala, tak m\u016f\u017eu samoz\u0159ejm\u011b bydlet u nich. Opravdu jsem si toho moc v\u00e1\u017eila, ale mus\u00edm v\u00e1m \u0159\u00edct, \u017ee jsem byla u\u017e tak moc zvykl\u00e1 bydlet n\u011bkde sama nebo s p\u0159\u00edtelem, \u017ee jsem si nedok\u00e1zala p\u0159edstavit, \u017ee bych zase bydlela s rodi\u010di. I kdy\u017e rodi\u010de m\u00e1m opravdu moc r\u00e1da a p\u011bkn\u011b si spolu rozum\u00edme, v\u016fbec nep\u0159ipadalo v \u00favahu, \u017ee bych zase bydlela s nimi. Osm let jsem toti\u017e bydlela s p\u0159\u00edtelem a z t\u011bch osmi let dva roky sama. Byla jsem zvykl\u00e1, \u017ee je v\u0161echno podle m\u011b a \u017ee si taky m\u016f\u017eu d\u011blat r\u016fzn\u00e9 dekorace. Proto\u017ee moji rodi\u010de nemaj\u00ed v\u016fbec r\u00e1di \u017e\u00e1dn\u00e9 dekorace, zat\u00edmco j\u00e1 ano. A proto jsem si taky do sv\u00e9ho prvn\u00edho bytu s p\u0159\u00edtelem pozvali bytov\u00e9ho architekta. Mysl\u00edm si, \u017ee bytov\u00fd architekt by u\u017e m\u011bl b\u00fdt skoro ka\u017edou sou\u010d\u00e1st\u00ed ka\u017ed\u00e9 dom\u00e1cnosti. Proto\u017ee jenom bytov\u00fd architekt v\u00ed, co se zrovna nos\u00ed nebo jak to m\u00e1 b\u00fdt ud\u011blan\u00e9 a taky v\u00e1m ud\u011bl\u00e1 v\u0161echno tak, aby v\u00e1m v\u0161echno v sob\u011b ladilo a pasovalo. Proto\u017ee nen\u00ed toti\u017e n\u011bkdy jednoduch\u00e9, sladit po\u0159\u00e1dn\u011b k sob\u011b kuchy\u0148 s ob\u00fdv\u00e1kem. Zvl\u00e1\u0161\u0165, pokud m\u00e1te kuchy\u0148 a ob\u00fdv\u00e1k dohromady.Ale samoz\u0159ejm\u011b, \u017ee mus\u00ed b\u00fdt vid\u011bt p\u0159esn\u011b, kde kon\u010d\u00ed a za\u010d\u00edn\u00e1 ob\u00fdv\u00e1k a kde kon\u010d\u00ed a za\u010d\u00edn\u00e1 kuchy\u0148. Nebo vy byste to nepot\u0159ebovali? Mn\u011b by se to takhle l\u00edbilo, tak\u017ee jsem si \u0159ekla, \u017ee a\u017e budu kone\u010dn\u011b za\u0159izovat sv\u016fj jin\u00fd byt, kde budu bydlet sama, tak bytov\u00fd architekt u m\u011b bude na prvn\u00edm m\u00edst\u011b a bude samoz\u0159ejmost\u00ed. Nav\u00edc u\u017e v\u00edm, \u017ee jsou r\u016fzn\u00e9 zp\u016fsoby, jak si ud\u011blat vlastn\u00ed kr\u00e1sn\u00e9 bydlen\u00ed, jako nap\u0159\u00edklad po\u0159\u00eddit si bytov\u00e9ho architekta. tak\u017ee j\u00e1 se u\u017e opravdu nemohu do\u010dkat, a\u017e nastane ten den, kdy se budu moci st\u011bhovat do nov\u00e9ho bytu nebo domu, kde si po\u0159\u00edd\u00edm bytov\u00e9ho architekta https:\/\/bydesign.cz\/. V\u011b\u0159te, \u017ee bytov\u00fd architekt v\u00ed, co d\u011bl\u00e1.                                                                                                                                                                                                                                                                                                                                                                                                   "},{"@context":"https:\/\/schema.org\/","@type":"BreadcrumbList","itemListElement":[{"@type":"ListItem","position":1,"name":"Design a byt","item":"https:\/\/www.kospo.cz\/design-a-byt\/#breadcrumbitem"}]}]