[{"@context":"https:\/\/schema.org\/","@type":"Article","@id":"https:\/\/www.kospo.cz\/15-ti-denni-kura-zdarma\/#Article","mainEntityOfPage":"https:\/\/www.kospo.cz\/15-ti-denni-kura-zdarma\/","headline":"15-ti denn\u00ed k\u016fra zdarma","name":"15-ti denn\u00ed k\u016fra zdarma","description":"Tr\u00e1p\u00ed v\u00e1s probl\u00e9my spojen\u00e9 s p\u0159\u00edznaky, kter\u00e9 zp\u016fsobuje menopauza? Toto obdob\u00ed p\u0159in\u00e1\u0161\u00ed mnohdy nep\u0159\u00edjemn\u00e9 symptomy. Mezi ty klasick\u00e9 pat\u0159\u00ed pocen\u00ed, n\u00e1valy horka nebo \u00fanava, ale mohou se vyskytnout i deprese, p\u0159ib\u00fdv\u00e1n\u00ed v\u00e1hy, vypad\u00e1v\u00e1n\u00ed vlas\u016f a mnoh\u00e9 jin\u00e9. S na\u0161\u00edm p\u0159\u00edpravkem...","datePublished":"2024-11-13","dateModified":"2024-11-13","author":{"@type":"Person","@id":"https:\/\/www.kospo.cz\/author\/#Person","name":"","url":"https:\/\/www.kospo.cz\/author\/","identifier":1,"image":{"@type":"ImageObject","@id":"https:\/\/secure.gravatar.com\/avatar\/383247cd769f7ac317a5bcda943ec48a3c79d996598ae4564ec21a0e178126d1?s=96&d=mm&r=g","url":"https:\/\/secure.gravatar.com\/avatar\/383247cd769f7ac317a5bcda943ec48a3c79d996598ae4564ec21a0e178126d1?s=96&d=mm&r=g","height":96,"width":96}},"publisher":{"@type":"Organization","name":"kospo.cz","logo":{"@type":"ImageObject","@id":"\/logo.png","url":"\/logo.png","width":600,"height":60}},"url":"https:\/\/www.kospo.cz\/15-ti-denni-kura-zdarma\/","wordCount":201,"articleBody":"Tr\u00e1p\u00ed v\u00e1s probl\u00e9my spojen\u00e9 s p\u0159\u00edznaky, kter\u00e9 zp\u016fsobuje menopauza? Toto obdob\u00ed p\u0159in\u00e1\u0161\u00ed mnohdy nep\u0159\u00edjemn\u00e9 symptomy. Mezi ty klasick\u00e9 pat\u0159\u00ed pocen\u00ed, n\u00e1valy horka nebo \u00fanava, ale mohou se vyskytnout i deprese, p\u0159ib\u00fdv\u00e1n\u00ed v\u00e1hy, vypad\u00e1v\u00e1n\u00ed vlas\u016f a mnoh\u00e9 jin\u00e9. S na\u0161\u00edm p\u0159\u00edpravkem ale m\u016f\u017eete t\u011bmto nep\u0159\u00edjemnostem zabr\u00e1nit.Prepar\u00e1t na p\u0159\u00edrodn\u00ed b\u00e1zi pom\u00e1h\u00e1 v\u0161em \u017een\u00e1m, kter\u00e9 ji\u017e dostihla menopauza a kter\u00e9 se pot\u00fdkaj\u00ed s nep\u0159\u00edjemn\u00fdmi fyzick\u00fdmi stavy. Ty se rovn\u011b\u017e podepisuj\u00ed na \u017eensk\u00e9 psychice a ovliv\u0148uj\u00ed celkov\u00e9 zdrav\u00ed. P\u0159\u00edrodn\u00ed p\u0159\u00edpravek, kter\u00fd nab\u00edz\u00edme, udr\u017e\u00ed v t\u011ble \u017eeny hormon\u00e1ln\u00ed rovnov\u00e1hu a potla\u010duje ne\u017e\u00e1douc\u00ed \u00fa\u010dinky menopauzy.\tVyzkou\u0161ejte zdarmaMenopauza se stane minulost\u00ed. Vyzkou\u0161ejte m\u011bs\u00ed\u010dn\u00ed k\u016fru prepar\u00e1tu na p\u0159\u00edrodn\u00ed b\u00e1zi a ov\u011b\u0159te si jej\u00ed \u00fa\u010dinnost. Pokud na sob\u011b nepoc\u00edt\u00edte \u00fa\u010dinky, kter\u00e9 p\u0159\u00edpravek vyvol\u00e1v\u00e1, m\u016f\u017eete n\u00e1m jej vr\u00e1tit a my v\u00e1m za\u0161leme zp\u011bt plnou \u010d\u00e1stku, kterou jste za n\u00e1\u0161 produkt zaplatila. My jsme si v\u0161ak jist\u00ed, \u017ee budete spokojen\u00e1.                                                                                                                                                                                                                                                                                                                                                                                                "},{"@context":"https:\/\/schema.org\/","@type":"BreadcrumbList","itemListElement":[{"@type":"ListItem","position":1,"name":"15-ti denn\u00ed k\u016fra zdarma","item":"https:\/\/www.kospo.cz\/15-ti-denni-kura-zdarma\/#breadcrumbitem"}]}]